{"id":1066,"date":"2026-03-04T19:38:49","date_gmt":"2026-03-04T18:38:49","guid":{"rendered":"https:\/\/aeduja.es\/sd\/?p=1066"},"modified":"2026-03-04T19:38:59","modified_gmt":"2026-03-04T18:38:59","slug":"ya-hay-hoja-de-ruta-para-la-copa-diputacion","status":"publish","type":"post","link":"https:\/\/aeduja.es\/sd\/index.php\/2026\/03\/04\/ya-hay-hoja-de-ruta-para-la-copa-diputacion\/","title":{"rendered":"\u00a1Ya hay hoja de ruta para la Copa Diputaci\u00f3n!"},"content":{"rendered":"<p>Tras el sorteo de la <strong>Copa Diputaci\u00f3n<\/strong>, nuestros equipos ya conocen a los rivales con los que se ver\u00e1n las caras en esta emocionante competici\u00f3n.<\/p><p>La emoci\u00f3n arrancar\u00e1 muy pronto, ya que la primera jornada se disputar\u00e1 el fin de semana del <strong>14 y 15 de marzo<\/strong>. <\/p><p>Aqu\u00ed ten\u00e9is el desglose de los grupos por categor\u00edas:<\/p><hr class=\"wp-block-separator has-alpha-channel-opacity\"\/><h3 class=\"wp-block-heading\"><strong>\ud83d\udccb Grupos y Rivales por Categor\u00eda<\/strong><\/h3><figure class=\"wp-block-table\"><table class=\"has-fixed-layout\"><thead><tr><td><strong>Categor\u00eda<\/strong><\/td><td><strong>Rivales en la Fase de Grupos<\/strong><\/td><\/tr><\/thead><tbody><tr><td><strong>Infantil<\/strong><\/td><td>Linares \u00abA\u00bb, And\u00fajar \u00abB\u00bb y Ja\u00e9n Para\u00edso Interior \u00abB\u00bb<\/td><\/tr><tr><td><strong>Alev\u00edn<\/strong><\/td><td>Ja\u00e9n Para\u00edso Interior \u00abD\u00bb y Avanza \u00abB\u00bb<\/td><\/tr><tr><td><strong>Benjam\u00edn<\/strong><\/td><td>Ja\u00e9n Para\u00edso Interior \u00abA\u00bb, Marca Futsal y Armisa Santa Ana<\/td><\/tr><tr><td><strong>Prebenjam\u00edn<\/strong><\/td><td>Ja\u00e9n Para\u00edso Interior, Marca Futsal y Deportivo Ja\u00e9n 2021<\/td><\/tr><\/tbody><\/table><\/figure><hr class=\"wp-block-separator has-alpha-channel-opacity\"\/><h3 class=\"wp-block-heading\"><strong>An\u00e1lisis de la competici\u00f3n<\/strong><\/h3><p>Nos enfrentamos a grupos muy competitivos, con la presencia de varios equipos que han finalizado en la parte alta de las clasificaciones ligueras. <\/p><p><strong>\u00a1Mucho \u00e1nimo a todos nuestros equipos! Es hora de darlo todo en la pista.<\/strong><\/p>","protected":false},"excerpt":{"rendered":"<p>Tras el sorteo de la Copa Diputaci\u00f3n, nuestros equipos ya conocen a los rivales con los que se ver\u00e1n las caras en esta emocionante competici\u00f3n. La emoci\u00f3n arrancar\u00e1 muy pronto, ya que la primera jornada se disputar\u00e1 el fin de semana del 14 y 15 de marzo. Aqu\u00ed ten\u00e9is el desglose de los grupos por [&hellip;]<\/p>\n","protected":false},"author":1,"featured_media":0,"comment_status":"open","ping_status":"open","sticky":false,"template":"","format":"standard","meta":{"footnotes":""},"categories":[1],"tags":[],"class_list":["post-1066","post","type-post","status-publish","format-standard","hentry","category-sin-categoria"],"_links":{"self":[{"href":"https:\/\/aeduja.es\/sd\/index.php\/wp-json\/wp\/v2\/posts\/1066","targetHints":{"allow":["GET"]}}],"collection":[{"href":"https:\/\/aeduja.es\/sd\/index.php\/wp-json\/wp\/v2\/posts"}],"about":[{"href":"https:\/\/aeduja.es\/sd\/index.php\/wp-json\/wp\/v2\/types\/post"}],"author":[{"embeddable":true,"href":"https:\/\/aeduja.es\/sd\/index.php\/wp-json\/wp\/v2\/users\/1"}],"replies":[{"embeddable":true,"href":"https:\/\/aeduja.es\/sd\/index.php\/wp-json\/wp\/v2\/comments?post=1066"}],"version-history":[{"count":1,"href":"https:\/\/aeduja.es\/sd\/index.php\/wp-json\/wp\/v2\/posts\/1066\/revisions"}],"predecessor-version":[{"id":1067,"href":"https:\/\/aeduja.es\/sd\/index.php\/wp-json\/wp\/v2\/posts\/1066\/revisions\/1067"}],"wp:attachment":[{"href":"https:\/\/aeduja.es\/sd\/index.php\/wp-json\/wp\/v2\/media?parent=1066"}],"wp:term":[{"taxonomy":"category","embeddable":true,"href":"https:\/\/aeduja.es\/sd\/index.php\/wp-json\/wp\/v2\/categories?post=1066"},{"taxonomy":"post_tag","embeddable":true,"href":"https:\/\/aeduja.es\/sd\/index.php\/wp-json\/wp\/v2\/tags?post=1066"}],"curies":[{"name":"wp","href":"https:\/\/api.w.org\/{rel}","templated":true}]}}