{"id":690,"date":"2025-08-04T12:00:27","date_gmt":"2025-08-04T10:00:27","guid":{"rendered":"https:\/\/aeduja.es\/sd\/?p=690"},"modified":"2025-09-16T13:47:32","modified_gmt":"2025-09-16T11:47:32","slug":"isa-navarro-entrenara-al-equipo-infantil-fs","status":"publish","type":"post","link":"https:\/\/aeduja.es\/sd\/index.php\/2025\/08\/04\/isa-navarro-entrenara-al-equipo-infantil-fs\/","title":{"rendered":"Isa Navarro entrenar\u00e1 al equipo Infantil FS"},"content":{"rendered":"<p>Aeduja quiere seguir creciendo en el f\u00fatbol sala base y anuncia hoy la renovaci\u00f3n de su entrenadora Isa Navarro. La profesional, que ya ha dejado una huella significativa en el club, continuar\u00e1 al frente del equipo Infantil en esta nueva temporada, convirti\u00e9ndose en su octavo curso al frente del conjunto.<\/p><p>Navarro ha mostrado su satisfacci\u00f3n ante la noticia: \u201cRenovar con Aeduja es un orgullo y una responsabilidad que acepto con toda la energ\u00eda. Nuestro objetivo es seguir promoviendo el desarrollo t\u00e9cnico y humano de los j\u00f3venes talentos del infantil\u201d.<\/p><p>Datos clave:<\/p><p>Era de renovaci\u00f3n: 8\u00aa temporada de Isa Navarro en Aeduja.<br>Categor\u00eda: Infantil de f\u00fatbol sala.<br>Objetivo: seguir potenciando la formaci\u00f3n integral de los jugadores y competir con un proyecto s\u00f3lido y sostenible.<br>Compromiso del club: continuidad de un proyecto formativo premiado por su enfoque educativo y deportivo.<br>La directiva de Aeduja destaca la estabilidad y el crecimiento del f\u00fatbol sala base gracias a fichajes y renovaciones como la de Navarro, que aportan experiencia, metodolog\u00eda y un f\u00e9rreo compromiso con los valores del club.<\/p><p>El inicio de la nueva temporada ya tiene fecha confirmada y el equipo se prepara para una pretemporada intensiva, con vistas a afrontar los retos en liga y competici\u00f3n local con la mejor versi\u00f3n de sus infantiles.<\/p>","protected":false},"excerpt":{"rendered":"<p>Aeduja quiere seguir creciendo en el f\u00fatbol sala base y anuncia hoy la renovaci\u00f3n de su entrenadora Isa Navarro. La profesional, que ya ha dejado una huella significativa en el club, continuar\u00e1 al frente del equipo Infantil en esta nueva temporada, convirti\u00e9ndose en su octavo curso al frente del conjunto. Navarro ha mostrado su satisfacci\u00f3n [&hellip;]<\/p>\n","protected":false},"author":1,"featured_media":0,"comment_status":"open","ping_status":"open","sticky":false,"template":"","format":"standard","meta":{"footnotes":""},"categories":[34],"tags":[],"class_list":["post-690","post","type-post","status-publish","format-standard","hentry","category-infantil"],"_links":{"self":[{"href":"https:\/\/aeduja.es\/sd\/index.php\/wp-json\/wp\/v2\/posts\/690","targetHints":{"allow":["GET"]}}],"collection":[{"href":"https:\/\/aeduja.es\/sd\/index.php\/wp-json\/wp\/v2\/posts"}],"about":[{"href":"https:\/\/aeduja.es\/sd\/index.php\/wp-json\/wp\/v2\/types\/post"}],"author":[{"embeddable":true,"href":"https:\/\/aeduja.es\/sd\/index.php\/wp-json\/wp\/v2\/users\/1"}],"replies":[{"embeddable":true,"href":"https:\/\/aeduja.es\/sd\/index.php\/wp-json\/wp\/v2\/comments?post=690"}],"version-history":[{"count":2,"href":"https:\/\/aeduja.es\/sd\/index.php\/wp-json\/wp\/v2\/posts\/690\/revisions"}],"predecessor-version":[{"id":711,"href":"https:\/\/aeduja.es\/sd\/index.php\/wp-json\/wp\/v2\/posts\/690\/revisions\/711"}],"wp:attachment":[{"href":"https:\/\/aeduja.es\/sd\/index.php\/wp-json\/wp\/v2\/media?parent=690"}],"wp:term":[{"taxonomy":"category","embeddable":true,"href":"https:\/\/aeduja.es\/sd\/index.php\/wp-json\/wp\/v2\/categories?post=690"},{"taxonomy":"post_tag","embeddable":true,"href":"https:\/\/aeduja.es\/sd\/index.php\/wp-json\/wp\/v2\/tags?post=690"}],"curies":[{"name":"wp","href":"https:\/\/api.w.org\/{rel}","templated":true}]}}