{"id":692,"date":"2025-08-11T12:00:17","date_gmt":"2025-08-11T10:00:17","guid":{"rendered":"https:\/\/aeduja.es\/sd\/?p=692"},"modified":"2025-09-16T13:47:47","modified_gmt":"2025-09-16T11:47:47","slug":"nony-canada-dirigira-al-equipo-alevin-fs","status":"publish","type":"post","link":"https:\/\/aeduja.es\/sd\/index.php\/2025\/08\/11\/nony-canada-dirigira-al-equipo-alevin-fs\/","title":{"rendered":"\u00d1o\u00f1y Ca\u00f1ada dirigir\u00e1 al equipo Alev\u00edn FS"},"content":{"rendered":"<p>Hoy comunicamos la renovaci\u00f3n de \u00d1o\u00f1y Ca\u00f1ada, que continuar\u00e1 al frente del equipo Alev\u00edn de f\u00fatbol sala en la presente temporada, alcanzando su octava campa\u00f1a en el club.<\/p><p>\u00d1o\u00f1y ha expresado su satisfacci\u00f3n con la continuidad: \u201cRenovar con Aeduja es un orgullo y una gran responsabilidad. Seguiremos trabajando para el desarrollo t\u00e9cnico y humano de los j\u00f3venes talentos alevines, cultivando valores y un juego cada vez m\u00e1s competitivo\u201d.<\/p><p>Datos clave:<\/p><p>Era de renovaci\u00f3n: 8\u00aa temporada de \u00d1o\u00f1y Ca\u00f1ada en Aeduja.<br>Categor\u00eda: Alev\u00edn de f\u00fatbol sala.<br>Objetivo: consolidar un proyecto formativo s\u00f3lido que combine aprendizaje t\u00e9cnico con crecimiento personal.<br>Compromiso del club: estabilidad y continuidad en la metodolog\u00eda de trabajo, para impulsar al f\u00fatbol sala base.<br>La junta directiva destaca la aportaci\u00f3n de Ca\u00f1ada al crecimiento del club y al fortalecimiento de la cantera, gracias a una filosof\u00eda educativa y deportiva orientada al desarrollo integral de los j\u00f3venes jugadores.<\/p><p>La temporada arranca con una pretemporada intensiva, preparando al equipo para afrontar la liga y las competiciones locales con la mejor versi\u00f3n de sus alevines.<\/p>","protected":false},"excerpt":{"rendered":"<p>Hoy comunicamos la renovaci\u00f3n de \u00d1o\u00f1y Ca\u00f1ada, que continuar\u00e1 al frente del equipo Alev\u00edn de f\u00fatbol sala en la presente temporada, alcanzando su octava campa\u00f1a en el club. \u00d1o\u00f1y ha expresado su satisfacci\u00f3n con la continuidad: \u201cRenovar con Aeduja es un orgullo y una gran responsabilidad. Seguiremos trabajando para el desarrollo t\u00e9cnico y humano de [&hellip;]<\/p>\n","protected":false},"author":1,"featured_media":0,"comment_status":"open","ping_status":"open","sticky":false,"template":"","format":"standard","meta":{"footnotes":""},"categories":[33],"tags":[],"class_list":["post-692","post","type-post","status-publish","format-standard","hentry","category-alevin"],"_links":{"self":[{"href":"https:\/\/aeduja.es\/sd\/index.php\/wp-json\/wp\/v2\/posts\/692","targetHints":{"allow":["GET"]}}],"collection":[{"href":"https:\/\/aeduja.es\/sd\/index.php\/wp-json\/wp\/v2\/posts"}],"about":[{"href":"https:\/\/aeduja.es\/sd\/index.php\/wp-json\/wp\/v2\/types\/post"}],"author":[{"embeddable":true,"href":"https:\/\/aeduja.es\/sd\/index.php\/wp-json\/wp\/v2\/users\/1"}],"replies":[{"embeddable":true,"href":"https:\/\/aeduja.es\/sd\/index.php\/wp-json\/wp\/v2\/comments?post=692"}],"version-history":[{"count":2,"href":"https:\/\/aeduja.es\/sd\/index.php\/wp-json\/wp\/v2\/posts\/692\/revisions"}],"predecessor-version":[{"id":714,"href":"https:\/\/aeduja.es\/sd\/index.php\/wp-json\/wp\/v2\/posts\/692\/revisions\/714"}],"wp:attachment":[{"href":"https:\/\/aeduja.es\/sd\/index.php\/wp-json\/wp\/v2\/media?parent=692"}],"wp:term":[{"taxonomy":"category","embeddable":true,"href":"https:\/\/aeduja.es\/sd\/index.php\/wp-json\/wp\/v2\/categories?post=692"},{"taxonomy":"post_tag","embeddable":true,"href":"https:\/\/aeduja.es\/sd\/index.php\/wp-json\/wp\/v2\/tags?post=692"}],"curies":[{"name":"wp","href":"https:\/\/api.w.org\/{rel}","templated":true}]}}