{"id":693,"date":"2025-08-18T12:00:15","date_gmt":"2025-08-18T10:00:15","guid":{"rendered":"https:\/\/aeduja.es\/sd\/?p=693"},"modified":"2025-09-16T13:47:53","modified_gmt":"2025-09-16T11:47:53","slug":"charly-se-hace-cargo-de-los-equipos-benjamin-y-prebenjamin-fs","status":"publish","type":"post","link":"https:\/\/aeduja.es\/sd\/index.php\/2025\/08\/18\/charly-se-hace-cargo-de-los-equipos-benjamin-y-prebenjamin-fs\/","title":{"rendered":"Charly se hace cargo de los equipos Benjam\u00edn y Prebenjam\u00edn FS"},"content":{"rendered":"<p>Anunciamos que Charly seguir\u00e1 al frente de los equipos de Prebenjam\u00edn y Benjam\u00edn de f\u00fatbol sala para la presente campa\u00f1a, alcanzando su 13\u00aa temporada al frente de la cantera.<\/p><p>Charly ha mostrado su satisfacci\u00f3n por la continuidad: \u201cEs un orgullo seguir trabajando con los m\u00e1s peque\u00f1os; nuestra meta es combinar aprendizaje t\u00e9cnico, valores y diversi\u00f3n para iniciar a los ni\u00f1os en el deporte con una base s\u00f3lida\u201d.<\/p><p>Datos clave:<\/p><p>Era de renovaci\u00f3n: 13\u00aa temporada de Charly en Aeduja.<br>Categor\u00edas: Prebenjam\u00edn y Benjam\u00edn de f\u00fatbol sala.<br>Objetivo: consolidar una metodolog\u00eda formativa que combine desarrollo t\u00e9cnico y crecimiento personal en edades tempranas.<br>Compromiso del club: estabilidad en el cuerpo t\u00e9cnico y continuidad de un proyecto educativo y deportivo centrado en la cantera.<br>La directiva destaca la importancia de la experiencia de Charly para el desarrollo de los talentos m\u00e1s j\u00f3venes y la estabilidad del f\u00fatbol sala base.<\/p><p>La temporada arranca con una pretemporada enfocada en fundamentos b\u00e1sicos, coordinaci\u00f3n y h\u00e1bitos de juego, preparando a los ni\u00f1os para competir en ligas locales con la mejor versi\u00f3n de sus equipos.<\/p>","protected":false},"excerpt":{"rendered":"<p>Anunciamos que Charly seguir\u00e1 al frente de los equipos de Prebenjam\u00edn y Benjam\u00edn de f\u00fatbol sala para la presente campa\u00f1a, alcanzando su 13\u00aa temporada al frente de la cantera. Charly ha mostrado su satisfacci\u00f3n por la continuidad: \u201cEs un orgullo seguir trabajando con los m\u00e1s peque\u00f1os; nuestra meta es combinar aprendizaje t\u00e9cnico, valores y diversi\u00f3n [&hellip;]<\/p>\n","protected":false},"author":1,"featured_media":0,"comment_status":"open","ping_status":"open","sticky":false,"template":"","format":"standard","meta":{"footnotes":""},"categories":[32,31],"tags":[],"class_list":["post-693","post","type-post","status-publish","format-standard","hentry","category-benjamin","category-prebenjamin"],"_links":{"self":[{"href":"https:\/\/aeduja.es\/sd\/index.php\/wp-json\/wp\/v2\/posts\/693","targetHints":{"allow":["GET"]}}],"collection":[{"href":"https:\/\/aeduja.es\/sd\/index.php\/wp-json\/wp\/v2\/posts"}],"about":[{"href":"https:\/\/aeduja.es\/sd\/index.php\/wp-json\/wp\/v2\/types\/post"}],"author":[{"embeddable":true,"href":"https:\/\/aeduja.es\/sd\/index.php\/wp-json\/wp\/v2\/users\/1"}],"replies":[{"embeddable":true,"href":"https:\/\/aeduja.es\/sd\/index.php\/wp-json\/wp\/v2\/comments?post=693"}],"version-history":[{"count":2,"href":"https:\/\/aeduja.es\/sd\/index.php\/wp-json\/wp\/v2\/posts\/693\/revisions"}],"predecessor-version":[{"id":715,"href":"https:\/\/aeduja.es\/sd\/index.php\/wp-json\/wp\/v2\/posts\/693\/revisions\/715"}],"wp:attachment":[{"href":"https:\/\/aeduja.es\/sd\/index.php\/wp-json\/wp\/v2\/media?parent=693"}],"wp:term":[{"taxonomy":"category","embeddable":true,"href":"https:\/\/aeduja.es\/sd\/index.php\/wp-json\/wp\/v2\/categories?post=693"},{"taxonomy":"post_tag","embeddable":true,"href":"https:\/\/aeduja.es\/sd\/index.php\/wp-json\/wp\/v2\/tags?post=693"}],"curies":[{"name":"wp","href":"https:\/\/api.w.org\/{rel}","templated":true}]}}