{"id":700,"date":"2025-08-06T14:00:49","date_gmt":"2025-08-06T12:00:49","guid":{"rendered":"https:\/\/aeduja.es\/sd\/?p=700"},"modified":"2025-09-17T12:00:19","modified_gmt":"2025-09-17T10:00:19","slug":"renovamos-convenio-con-la-fundacion-caja-rural-de-jaen","status":"publish","type":"post","link":"https:\/\/aeduja.es\/sd\/index.php\/2025\/08\/06\/renovamos-convenio-con-la-fundacion-caja-rural-de-jaen\/","title":{"rendered":"Renovamos convenio con la Fundaci\u00f3n Caja Rural de Ja\u00e9n"},"content":{"rendered":"<p>Nos complace anunciar que la Fundaci\u00f3n Caja Rural de Ja\u00e9n ha renovado oficialmente el convenio de colaboraci\u00f3n con nuestra Asociaci\u00f3n, con el objetivo de impulsar el proyecto social y deportivo \u201cf\u00fatbol base para todos\u201d. El acuerdo, busca ampliar oportunidades para ni\u00f1os y j\u00f3venes de la localidad, independientemente de su situaci\u00f3n econ\u00f3mica y habilidades previas, mediante la pr\u00e1ctica del f\u00fatbol como herramienta de desarrollo personal y comunitario.<\/p><p>Ambas entidades destacaron la importancia de favorecer la inclusi\u00f3n, la formaci\u00f3n y la convivencia a trav\u00e9s del deporte. La iniciativa \u201cf\u00fatbol base para todos\u201d ofrece el acceso a la competici\u00f3n federada a un precio reducido, adem\u00e1s de facilitar el acceso a equipamiento b\u00e1sico, material did\u00e1ctico y actividades complementarias.<\/p><p>Desde la directiva del club agradecemos el respaldo continuo y destacamos que el proyecto ha generado oportunidades reales para numerosos j\u00f3venes, promoviendo h\u00e1bitos saludables, esfuerzo y trabajo en equipo.<\/p><p>Entre las acciones previstas para este a\u00f1o se incluyen:<\/p><p>Ampliaci\u00f3n de cupos de inscripci\u00f3n y fortalecimiento de las bases de datos de familias beneficiarias.<br>Nuevos horarios y sedes para facilitar la participaci\u00f3n de m\u00e1s ni\u00f1os y ni\u00f1as.<br>Talleres de valores, convivencia y seguridad en el entorno deportivo.<br>Participaci\u00f3n en iniciativas regionales y eventos deportivos para visibilizar el proyecto.<\/p><p>La iniciativa \u201cf\u00fatbol base para todos\u201d se alinea con los objetivos sociales de la Fundaci\u00f3n Caja Rural de Ja\u00e9n, que contin\u00faa invirtiendo en proyectos educativos, culturales y deportivos que fomenten la igualdad de oportunidades y el desarrollo integral de la infancia y la juventud en la comarca.<\/p>","protected":false},"excerpt":{"rendered":"<p>Nos complace anunciar que la Fundaci\u00f3n Caja Rural de Ja\u00e9n ha renovado oficialmente el convenio de colaboraci\u00f3n con nuestra Asociaci\u00f3n, con el objetivo de impulsar el proyecto social y deportivo \u201cf\u00fatbol base para todos\u201d. El acuerdo, busca ampliar oportunidades para ni\u00f1os y j\u00f3venes de la localidad, independientemente de su situaci\u00f3n econ\u00f3mica y habilidades previas, mediante [&hellip;]<\/p>\n","protected":false},"author":1,"featured_media":0,"comment_status":"open","ping_status":"open","sticky":false,"template":"","format":"standard","meta":{"footnotes":""},"categories":[1],"tags":[],"class_list":["post-700","post","type-post","status-publish","format-standard","hentry","category-sin-categoria"],"_links":{"self":[{"href":"https:\/\/aeduja.es\/sd\/index.php\/wp-json\/wp\/v2\/posts\/700","targetHints":{"allow":["GET"]}}],"collection":[{"href":"https:\/\/aeduja.es\/sd\/index.php\/wp-json\/wp\/v2\/posts"}],"about":[{"href":"https:\/\/aeduja.es\/sd\/index.php\/wp-json\/wp\/v2\/types\/post"}],"author":[{"embeddable":true,"href":"https:\/\/aeduja.es\/sd\/index.php\/wp-json\/wp\/v2\/users\/1"}],"replies":[{"embeddable":true,"href":"https:\/\/aeduja.es\/sd\/index.php\/wp-json\/wp\/v2\/comments?post=700"}],"version-history":[{"count":3,"href":"https:\/\/aeduja.es\/sd\/index.php\/wp-json\/wp\/v2\/posts\/700\/revisions"}],"predecessor-version":[{"id":723,"href":"https:\/\/aeduja.es\/sd\/index.php\/wp-json\/wp\/v2\/posts\/700\/revisions\/723"}],"wp:attachment":[{"href":"https:\/\/aeduja.es\/sd\/index.php\/wp-json\/wp\/v2\/media?parent=700"}],"wp:term":[{"taxonomy":"category","embeddable":true,"href":"https:\/\/aeduja.es\/sd\/index.php\/wp-json\/wp\/v2\/categories?post=700"},{"taxonomy":"post_tag","embeddable":true,"href":"https:\/\/aeduja.es\/sd\/index.php\/wp-json\/wp\/v2\/tags?post=700"}],"curies":[{"name":"wp","href":"https:\/\/api.w.org\/{rel}","templated":true}]}}