{"id":703,"date":"2025-08-13T14:00:24","date_gmt":"2025-08-13T12:00:24","guid":{"rendered":"https:\/\/aeduja.es\/sd\/?p=703"},"modified":"2025-09-17T12:08:23","modified_gmt":"2025-09-17T10:08:23","slug":"adetec-sigue-apostando-por-nuestro-proyecto","status":"publish","type":"post","link":"https:\/\/aeduja.es\/sd\/index.php\/2025\/08\/13\/adetec-sigue-apostando-por-nuestro-proyecto\/","title":{"rendered":"ADETEC sigue apostando por nuestro proyecto."},"content":{"rendered":"<p>La empresa ADETEC Tecnolog\u00eda para el vidrio confirm\u00f3 la renovaci\u00f3n de su patrocinio con nuestro club. En la temporada 2025-2026, ADETEC ocupar\u00e1 la posici\u00f3n de sponsor principal en la categor\u00eda Infantil de f\u00fatbol sala, fortaleciendo su compromiso con el deporte base y el desarrollo de j\u00f3venes talentos.<\/p><p>Seg\u00fan declaraciones oficiales, el acuerdo refuerza la visi\u00f3n de ADETEC de apoyar proyectos comunitarios y educativos, brindando visibilidad a los j\u00f3venes jugadores desde sus primeros a\u00f1os de formaci\u00f3n y promoviendo valores como el trabajo en equipo, la disciplina y la perseverancia.<\/p><p>El presidente de A.C.D. Aeduja expres\u00f3 su satisfacci\u00f3n por la continuidad de la alianza y agradeci\u00f3 a ADETEC por su confianza y apoyo sostenido al f\u00fatbol formativo. Por su parte, representantes de ADETEC destacaron la importancia de invertir en el deporte de base como una v\u00eda para el crecimiento personal de los j\u00f3venes y para impulsar el deporte saludable en la localidad.<\/p>","protected":false},"excerpt":{"rendered":"<p>La empresa ADETEC Tecnolog\u00eda para el vidrio confirm\u00f3 la renovaci\u00f3n de su patrocinio con nuestro club. En la temporada 2025-2026, ADETEC ocupar\u00e1 la posici\u00f3n de sponsor principal en la categor\u00eda Infantil de f\u00fatbol sala, fortaleciendo su compromiso con el deporte base y el desarrollo de j\u00f3venes talentos. Seg\u00fan declaraciones oficiales, el acuerdo refuerza la visi\u00f3n [&hellip;]<\/p>\n","protected":false},"author":1,"featured_media":0,"comment_status":"open","ping_status":"open","sticky":false,"template":"","format":"standard","meta":{"footnotes":""},"categories":[34],"tags":[],"class_list":["post-703","post","type-post","status-publish","format-standard","hentry","category-infantil"],"_links":{"self":[{"href":"https:\/\/aeduja.es\/sd\/index.php\/wp-json\/wp\/v2\/posts\/703","targetHints":{"allow":["GET"]}}],"collection":[{"href":"https:\/\/aeduja.es\/sd\/index.php\/wp-json\/wp\/v2\/posts"}],"about":[{"href":"https:\/\/aeduja.es\/sd\/index.php\/wp-json\/wp\/v2\/types\/post"}],"author":[{"embeddable":true,"href":"https:\/\/aeduja.es\/sd\/index.php\/wp-json\/wp\/v2\/users\/1"}],"replies":[{"embeddable":true,"href":"https:\/\/aeduja.es\/sd\/index.php\/wp-json\/wp\/v2\/comments?post=703"}],"version-history":[{"count":2,"href":"https:\/\/aeduja.es\/sd\/index.php\/wp-json\/wp\/v2\/posts\/703\/revisions"}],"predecessor-version":[{"id":725,"href":"https:\/\/aeduja.es\/sd\/index.php\/wp-json\/wp\/v2\/posts\/703\/revisions\/725"}],"wp:attachment":[{"href":"https:\/\/aeduja.es\/sd\/index.php\/wp-json\/wp\/v2\/media?parent=703"}],"wp:term":[{"taxonomy":"category","embeddable":true,"href":"https:\/\/aeduja.es\/sd\/index.php\/wp-json\/wp\/v2\/categories?post=703"},{"taxonomy":"post_tag","embeddable":true,"href":"https:\/\/aeduja.es\/sd\/index.php\/wp-json\/wp\/v2\/tags?post=703"}],"curies":[{"name":"wp","href":"https:\/\/api.w.org\/{rel}","templated":true}]}}